{"id":7688,"date":"2018-04-22T07:39:38","date_gmt":"2018-04-22T07:39:38","guid":{"rendered":"http:\/\/centresmolina.com\/centreensenyament\/?p=7688"},"modified":"2018-04-22T07:39:38","modified_gmt":"2018-04-22T07:39:38","slug":"un-llibre-especial","status":"publish","type":"post","link":"https:\/\/centresmolina.com\/centreensenyament\/2018\/04\/22\/un-llibre-especial\/","title":{"rendered":"Un llibre especial"},"content":{"rendered":"<p>Ens fa molta il\u00b7lusi\u00f3 presentar-vos el llibre en el que la nostra professora <strong>Dolors Oliv\u00e8ncia<\/strong>\u00a0 ha publicat un conte en catal\u00e0.<\/p>\n\n\t\t<style type=\"text\/css\">\n\t\t\t#gallery-1 {\n\t\t\t\tmargin: auto;\n\t\t\t}\n\t\t\t#gallery-1 .gallery-item {\n\t\t\t\tfloat: left;\n\t\t\t\tmargin-top: 10px;\n\t\t\t\ttext-align: center;\n\t\t\t\twidth: 100%;\n\t\t\t}\n\t\t\t#gallery-1 img {\n\t\t\t\tborder: 2px solid #cfcfcf;\n\t\t\t}\n\t\t\t#gallery-1 .gallery-caption {\n\t\t\t\tmargin-left: 0;\n\t\t\t}\n\t\t\t\/* see gallery_shortcode() in wp-includes\/media.php *\/\n\t\t<\/style>\n\t\t<div id='gallery-1' class='gallery galleryid-7688 gallery-columns-1 gallery-size-medium'><dl class='gallery-item'>\n\t\t\t<dt class='gallery-icon landscape'>\n\t\t\t\t<a href='https:\/\/centresmolina.com\/centreensenyament\/files\/2018\/04\/Dolors-Oliv\u00e8ncia.jpg'><img loading=\"lazy\" decoding=\"async\" width=\"300\" height=\"225\" src=\"https:\/\/centresmolina.com\/centreensenyament\/files\/2018\/04\/Dolors-Oliv\u00e8ncia-300x225.jpg\" class=\"attachment-medium size-medium\" alt=\"\" srcset=\"https:\/\/centresmolina.com\/centreensenyament\/files\/2018\/04\/Dolors-Oliv\u00e8ncia-300x225.jpg 300w, https:\/\/centresmolina.com\/centreensenyament\/files\/2018\/04\/Dolors-Oliv\u00e8ncia-768x576.jpg 768w, https:\/\/centresmolina.com\/centreensenyament\/files\/2018\/04\/Dolors-Oliv\u00e8ncia-1024x768.jpg 1024w, https:\/\/centresmolina.com\/centreensenyament\/files\/2018\/04\/Dolors-Oliv\u00e8ncia.jpg 1280w\" sizes=\"auto, (max-width: 300px) 100vw, 300px\" \/><\/a>\n\t\t\t<\/dt><\/dl><br style=\"clear: both\" \/>\n\t\t<\/div>\n\n<p>Aquest volum de contes mostra una octava part, menys tal vegada, del treball que es porta a terme a les aules de l\u2019<a href=\"https:\/\/campusdescriptura.com\/CA\/inici\" target=\"_blank\" rel=\"noopener\"><strong>Escola d\u2019Escriptura de l\u2019Ateneu barcelon\u00e9s<\/strong><\/a>, recollint un seguit de veus emergents que s\u2019esfor\u00e7en per transmetre el seu m\u00f3n propi en tan sols unes p\u00e0gines.<\/p>\n<p>La dignitat del moviment d\u2019un iceberg es deu al fet que nom\u00e9s una vuitena part d\u2019ell emergeix de l\u2019aigua.<\/p>\n\n\t\t<style type=\"text\/css\">\n\t\t\t#gallery-2 {\n\t\t\t\tmargin: auto;\n\t\t\t}\n\t\t\t#gallery-2 .gallery-item {\n\t\t\t\tfloat: left;\n\t\t\t\tmargin-top: 10px;\n\t\t\t\ttext-align: center;\n\t\t\t\twidth: 100%;\n\t\t\t}\n\t\t\t#gallery-2 img {\n\t\t\t\tborder: 2px solid #cfcfcf;\n\t\t\t}\n\t\t\t#gallery-2 .gallery-caption {\n\t\t\t\tmargin-left: 0;\n\t\t\t}\n\t\t\t\/* see gallery_shortcode() in wp-includes\/media.php *\/\n\t\t<\/style>\n\t\t<div id='gallery-2' class='gallery galleryid-7688 gallery-columns-1 gallery-size-full'><dl class='gallery-item'>\n\t\t\t<dt class='gallery-icon portrait'>\n\t\t\t\t<a href='https:\/\/centresmolina.com\/centreensenyament\/files\/2018\/04\/Iceberg-Vol.3.jpg'><img loading=\"lazy\" decoding=\"async\" width=\"312\" height=\"499\" src=\"https:\/\/centresmolina.com\/centreensenyament\/files\/2018\/04\/Iceberg-Vol.3.jpg\" class=\"attachment-full size-full\" alt=\"\" srcset=\"https:\/\/centresmolina.com\/centreensenyament\/files\/2018\/04\/Iceberg-Vol.3.jpg 312w, https:\/\/centresmolina.com\/centreensenyament\/files\/2018\/04\/Iceberg-Vol.3-188x300.jpg 188w\" sizes=\"auto, (max-width: 312px) 100vw, 312px\" \/><\/a>\n\t\t\t<\/dt><\/dl><br style=\"clear: both\" \/>\n\t\t<\/div>\n\n<p><a href=\"http:\/\/www.leqtoruniversal.com\/tienda\/libros\/iceberg\/\" target=\"_blank\" rel=\"noopener\"><strong>Iceberg<\/strong><\/a> \u00e9s l\u2019aposta per un g\u00e8nere narratiu avui en auge: <strong>el conte<\/strong>. En aquest volum es recullen contes escrits pels alumnes durant el curs, entre ells el de la <strong>Dolors<\/strong>; un ventall d&#8217;hist\u00f2ries que capturen amb frescor i per\u00edcia el pols actual del g\u00e8nere, veus in\u00e8dites que bateguen amb for\u00e7a i reflecteixen la creativitat que remou les aules del carrer Canuda.<\/p>\n<p>Us el recomanem!<\/p>\n<p>&nbsp;<\/p>\n<p>&nbsp;<\/p>\n","protected":false},"excerpt":{"rendered":"<p>Ens fa molta il\u00b7lusi\u00f3 presentar-vos el llibre en el que la nostra professora Dolors Oliv\u00e8ncia\u00a0 ha publicat un conte en&#8230;<\/p>\n","protected":false},"author":3,"featured_media":7691,"comment_status":"open","ping_status":"open","sticky":false,"template":"","format":"standard","meta":{"footnotes":""},"categories":[5],"tags":[43,2590,19,2591,44,97],"class_list":["post-7688","post","type-post","status-publish","format-standard","has-post-thumbnail","hentry","category-noticies","tag-escola","tag-escola-descriptura-de-lateneu-barcelones","tag-escola-molina","tag-iceberg","tag-molina","tag-sant-jordi"],"yoast_head":"<!-- This site is optimized with the Yoast SEO plugin v27.2 - https:\/\/yoast.com\/product\/yoast-seo-wordpress\/ -->\n<title>Un llibre especial - Centros de ense\u00f1anza<\/title>\n<meta name=\"robots\" content=\"index, follow, max-snippet:-1, max-image-preview:large, max-video-preview:-1\" \/>\n<link rel=\"canonical\" href=\"https:\/\/centresmolina.com\/centreensenyament\/2018\/04\/22\/un-llibre-especial\/\" \/>\n<meta property=\"og:locale\" content=\"ca_ES\" \/>\n<meta property=\"og:type\" content=\"article\" \/>\n<meta property=\"og:title\" content=\"Un llibre especial - Centros de ense\u00f1anza\" \/>\n<meta property=\"og:description\" content=\"Ens fa molta il\u00b7lusi\u00f3 presentar-vos el llibre en el que la nostra professora Dolors Oliv\u00e8ncia\u00a0 ha publicat un conte en...\" \/>\n<meta property=\"og:url\" content=\"https:\/\/centresmolina.com\/centreensenyament\/2018\/04\/22\/un-llibre-especial\/\" \/>\n<meta property=\"og:site_name\" content=\"Centros de ense\u00f1anza\" \/>\n<meta property=\"article:published_time\" content=\"2018-04-22T07:39:38+00:00\" \/>\n<meta property=\"og:image\" content=\"https:\/\/centresmolina.com\/centreensenyament\/files\/2018\/04\/Iceberg.jpg\" \/>\n\t<meta property=\"og:image:width\" content=\"300\" \/>\n\t<meta property=\"og:image:height\" content=\"200\" \/>\n\t<meta property=\"og:image:type\" content=\"image\/jpeg\" \/>\n<meta name=\"author\" content=\"webmolina\" \/>\n<meta name=\"twitter:label1\" content=\"Escrit per\" \/>\n\t<meta name=\"twitter:data1\" content=\"webmolina\" \/>\n\t<meta name=\"twitter:label2\" content=\"Temps estimat de lectura\" \/>\n\t<meta name=\"twitter:data2\" content=\"1 minut\" \/>\n<script type=\"application\/ld+json\" class=\"yoast-schema-graph\">{\"@context\":\"https:\/\/schema.org\",\"@graph\":[{\"@type\":\"Article\",\"@id\":\"https:\/\/centresmolina.com\/centreensenyament\/2018\/04\/22\/un-llibre-especial\/#article\",\"isPartOf\":{\"@id\":\"https:\/\/centresmolina.com\/centreensenyament\/2018\/04\/22\/un-llibre-especial\/\"},\"author\":{\"name\":\"webmolina\",\"@id\":\"https:\/\/centresmolina.com\/centreensenyament\/#\/schema\/person\/308d85d274adff04b5c51d47e8aff6cc\"},\"headline\":\"Un llibre especial\",\"datePublished\":\"2018-04-22T07:39:38+00:00\",\"mainEntityOfPage\":{\"@id\":\"https:\/\/centresmolina.com\/centreensenyament\/2018\/04\/22\/un-llibre-especial\/\"},\"wordCount\":190,\"commentCount\":0,\"image\":{\"@id\":\"https:\/\/centresmolina.com\/centreensenyament\/2018\/04\/22\/un-llibre-especial\/#primaryimage\"},\"thumbnailUrl\":\"https:\/\/centresmolina.com\/centreensenyament\/files\/2018\/04\/Iceberg.jpg\",\"keywords\":[\"Escola\",\"escola d'Escriptura de l'Ateneu Barcelon\u00e9s\",\"Escola Molina\",\"Iceberg\",\"Molina\",\"Sant Jordi\"],\"articleSection\":[\"Not\u00edcies\"],\"inLanguage\":\"ca\",\"potentialAction\":[{\"@type\":\"CommentAction\",\"name\":\"Comment\",\"target\":[\"https:\/\/centresmolina.com\/centreensenyament\/2018\/04\/22\/un-llibre-especial\/#respond\"]}]},{\"@type\":\"WebPage\",\"@id\":\"https:\/\/centresmolina.com\/centreensenyament\/2018\/04\/22\/un-llibre-especial\/\",\"url\":\"https:\/\/centresmolina.com\/centreensenyament\/2018\/04\/22\/un-llibre-especial\/\",\"name\":\"Un llibre especial - Centros de ense\u00f1anza\",\"isPartOf\":{\"@id\":\"https:\/\/centresmolina.com\/centreensenyament\/#website\"},\"primaryImageOfPage\":{\"@id\":\"https:\/\/centresmolina.com\/centreensenyament\/2018\/04\/22\/un-llibre-especial\/#primaryimage\"},\"image\":{\"@id\":\"https:\/\/centresmolina.com\/centreensenyament\/2018\/04\/22\/un-llibre-especial\/#primaryimage\"},\"thumbnailUrl\":\"https:\/\/centresmolina.com\/centreensenyament\/files\/2018\/04\/Iceberg.jpg\",\"datePublished\":\"2018-04-22T07:39:38+00:00\",\"author\":{\"@id\":\"https:\/\/centresmolina.com\/centreensenyament\/#\/schema\/person\/308d85d274adff04b5c51d47e8aff6cc\"},\"breadcrumb\":{\"@id\":\"https:\/\/centresmolina.com\/centreensenyament\/2018\/04\/22\/un-llibre-especial\/#breadcrumb\"},\"inLanguage\":\"ca\",\"potentialAction\":[{\"@type\":\"ReadAction\",\"target\":[\"https:\/\/centresmolina.com\/centreensenyament\/2018\/04\/22\/un-llibre-especial\/\"]}]},{\"@type\":\"ImageObject\",\"inLanguage\":\"ca\",\"@id\":\"https:\/\/centresmolina.com\/centreensenyament\/2018\/04\/22\/un-llibre-especial\/#primaryimage\",\"url\":\"https:\/\/centresmolina.com\/centreensenyament\/files\/2018\/04\/Iceberg.jpg\",\"contentUrl\":\"https:\/\/centresmolina.com\/centreensenyament\/files\/2018\/04\/Iceberg.jpg\",\"width\":300,\"height\":200},{\"@type\":\"BreadcrumbList\",\"@id\":\"https:\/\/centresmolina.com\/centreensenyament\/2018\/04\/22\/un-llibre-especial\/#breadcrumb\",\"itemListElement\":[{\"@type\":\"ListItem\",\"position\":1,\"name\":\"Portada\",\"item\":\"https:\/\/centresmolina.com\/centreensenyament\/\"},{\"@type\":\"ListItem\",\"position\":2,\"name\":\"Un llibre especial\"}]},{\"@type\":\"WebSite\",\"@id\":\"https:\/\/centresmolina.com\/centreensenyament\/#website\",\"url\":\"https:\/\/centresmolina.com\/centreensenyament\/\",\"name\":\"Centros de ense\u00f1anza\",\"description\":\"Centres Molina - Centros de ense\u00f1anza\",\"potentialAction\":[{\"@type\":\"SearchAction\",\"target\":{\"@type\":\"EntryPoint\",\"urlTemplate\":\"https:\/\/centresmolina.com\/centreensenyament\/?s={search_term_string}\"},\"query-input\":{\"@type\":\"PropertyValueSpecification\",\"valueRequired\":true,\"valueName\":\"search_term_string\"}}],\"inLanguage\":\"ca\"},{\"@type\":\"Person\",\"@id\":\"https:\/\/centresmolina.com\/centreensenyament\/#\/schema\/person\/308d85d274adff04b5c51d47e8aff6cc\",\"name\":\"webmolina\",\"image\":{\"@type\":\"ImageObject\",\"inLanguage\":\"ca\",\"@id\":\"https:\/\/secure.gravatar.com\/avatar\/38db407e1ab9b284bf45e3bff4ec5cf1e034e364f09b2ee054619614662a717b?s=96&d=mm&r=g\",\"url\":\"https:\/\/secure.gravatar.com\/avatar\/38db407e1ab9b284bf45e3bff4ec5cf1e034e364f09b2ee054619614662a717b?s=96&d=mm&r=g\",\"contentUrl\":\"https:\/\/secure.gravatar.com\/avatar\/38db407e1ab9b284bf45e3bff4ec5cf1e034e364f09b2ee054619614662a717b?s=96&d=mm&r=g\",\"caption\":\"webmolina\"},\"url\":\"https:\/\/centresmolina.com\/centreensenyament\/author\/webmolina\/\"}]}<\/script>\n<!-- \/ Yoast SEO plugin. -->","yoast_head_json":{"title":"Un llibre especial - Centros de ense\u00f1anza","robots":{"index":"index","follow":"follow","max-snippet":"max-snippet:-1","max-image-preview":"max-image-preview:large","max-video-preview":"max-video-preview:-1"},"canonical":"https:\/\/centresmolina.com\/centreensenyament\/2018\/04\/22\/un-llibre-especial\/","og_locale":"ca_ES","og_type":"article","og_title":"Un llibre especial - Centros de ense\u00f1anza","og_description":"Ens fa molta il\u00b7lusi\u00f3 presentar-vos el llibre en el que la nostra professora Dolors Oliv\u00e8ncia\u00a0 ha publicat un conte en...","og_url":"https:\/\/centresmolina.com\/centreensenyament\/2018\/04\/22\/un-llibre-especial\/","og_site_name":"Centros de ense\u00f1anza","article_published_time":"2018-04-22T07:39:38+00:00","og_image":[{"width":300,"height":200,"url":"https:\/\/centresmolina.com\/centreensenyament\/files\/2018\/04\/Iceberg.jpg","type":"image\/jpeg"}],"author":"webmolina","twitter_misc":{"Escrit per":"webmolina","Temps estimat de lectura":"1 minut"},"schema":{"@context":"https:\/\/schema.org","@graph":[{"@type":"Article","@id":"https:\/\/centresmolina.com\/centreensenyament\/2018\/04\/22\/un-llibre-especial\/#article","isPartOf":{"@id":"https:\/\/centresmolina.com\/centreensenyament\/2018\/04\/22\/un-llibre-especial\/"},"author":{"name":"webmolina","@id":"https:\/\/centresmolina.com\/centreensenyament\/#\/schema\/person\/308d85d274adff04b5c51d47e8aff6cc"},"headline":"Un llibre especial","datePublished":"2018-04-22T07:39:38+00:00","mainEntityOfPage":{"@id":"https:\/\/centresmolina.com\/centreensenyament\/2018\/04\/22\/un-llibre-especial\/"},"wordCount":190,"commentCount":0,"image":{"@id":"https:\/\/centresmolina.com\/centreensenyament\/2018\/04\/22\/un-llibre-especial\/#primaryimage"},"thumbnailUrl":"https:\/\/centresmolina.com\/centreensenyament\/files\/2018\/04\/Iceberg.jpg","keywords":["Escola","escola d'Escriptura de l'Ateneu Barcelon\u00e9s","Escola Molina","Iceberg","Molina","Sant Jordi"],"articleSection":["Not\u00edcies"],"inLanguage":"ca","potentialAction":[{"@type":"CommentAction","name":"Comment","target":["https:\/\/centresmolina.com\/centreensenyament\/2018\/04\/22\/un-llibre-especial\/#respond"]}]},{"@type":"WebPage","@id":"https:\/\/centresmolina.com\/centreensenyament\/2018\/04\/22\/un-llibre-especial\/","url":"https:\/\/centresmolina.com\/centreensenyament\/2018\/04\/22\/un-llibre-especial\/","name":"Un llibre especial - Centros de ense\u00f1anza","isPartOf":{"@id":"https:\/\/centresmolina.com\/centreensenyament\/#website"},"primaryImageOfPage":{"@id":"https:\/\/centresmolina.com\/centreensenyament\/2018\/04\/22\/un-llibre-especial\/#primaryimage"},"image":{"@id":"https:\/\/centresmolina.com\/centreensenyament\/2018\/04\/22\/un-llibre-especial\/#primaryimage"},"thumbnailUrl":"https:\/\/centresmolina.com\/centreensenyament\/files\/2018\/04\/Iceberg.jpg","datePublished":"2018-04-22T07:39:38+00:00","author":{"@id":"https:\/\/centresmolina.com\/centreensenyament\/#\/schema\/person\/308d85d274adff04b5c51d47e8aff6cc"},"breadcrumb":{"@id":"https:\/\/centresmolina.com\/centreensenyament\/2018\/04\/22\/un-llibre-especial\/#breadcrumb"},"inLanguage":"ca","potentialAction":[{"@type":"ReadAction","target":["https:\/\/centresmolina.com\/centreensenyament\/2018\/04\/22\/un-llibre-especial\/"]}]},{"@type":"ImageObject","inLanguage":"ca","@id":"https:\/\/centresmolina.com\/centreensenyament\/2018\/04\/22\/un-llibre-especial\/#primaryimage","url":"https:\/\/centresmolina.com\/centreensenyament\/files\/2018\/04\/Iceberg.jpg","contentUrl":"https:\/\/centresmolina.com\/centreensenyament\/files\/2018\/04\/Iceberg.jpg","width":300,"height":200},{"@type":"BreadcrumbList","@id":"https:\/\/centresmolina.com\/centreensenyament\/2018\/04\/22\/un-llibre-especial\/#breadcrumb","itemListElement":[{"@type":"ListItem","position":1,"name":"Portada","item":"https:\/\/centresmolina.com\/centreensenyament\/"},{"@type":"ListItem","position":2,"name":"Un llibre especial"}]},{"@type":"WebSite","@id":"https:\/\/centresmolina.com\/centreensenyament\/#website","url":"https:\/\/centresmolina.com\/centreensenyament\/","name":"Centros de ense\u00f1anza","description":"Centres Molina - Centros de ense\u00f1anza","potentialAction":[{"@type":"SearchAction","target":{"@type":"EntryPoint","urlTemplate":"https:\/\/centresmolina.com\/centreensenyament\/?s={search_term_string}"},"query-input":{"@type":"PropertyValueSpecification","valueRequired":true,"valueName":"search_term_string"}}],"inLanguage":"ca"},{"@type":"Person","@id":"https:\/\/centresmolina.com\/centreensenyament\/#\/schema\/person\/308d85d274adff04b5c51d47e8aff6cc","name":"webmolina","image":{"@type":"ImageObject","inLanguage":"ca","@id":"https:\/\/secure.gravatar.com\/avatar\/38db407e1ab9b284bf45e3bff4ec5cf1e034e364f09b2ee054619614662a717b?s=96&d=mm&r=g","url":"https:\/\/secure.gravatar.com\/avatar\/38db407e1ab9b284bf45e3bff4ec5cf1e034e364f09b2ee054619614662a717b?s=96&d=mm&r=g","contentUrl":"https:\/\/secure.gravatar.com\/avatar\/38db407e1ab9b284bf45e3bff4ec5cf1e034e364f09b2ee054619614662a717b?s=96&d=mm&r=g","caption":"webmolina"},"url":"https:\/\/centresmolina.com\/centreensenyament\/author\/webmolina\/"}]}},"_links":{"self":[{"href":"https:\/\/centresmolina.com\/centreensenyament\/wp-json\/wp\/v2\/posts\/7688","targetHints":{"allow":["GET"]}}],"collection":[{"href":"https:\/\/centresmolina.com\/centreensenyament\/wp-json\/wp\/v2\/posts"}],"about":[{"href":"https:\/\/centresmolina.com\/centreensenyament\/wp-json\/wp\/v2\/types\/post"}],"author":[{"embeddable":true,"href":"https:\/\/centresmolina.com\/centreensenyament\/wp-json\/wp\/v2\/users\/3"}],"replies":[{"embeddable":true,"href":"https:\/\/centresmolina.com\/centreensenyament\/wp-json\/wp\/v2\/comments?post=7688"}],"version-history":[{"count":2,"href":"https:\/\/centresmolina.com\/centreensenyament\/wp-json\/wp\/v2\/posts\/7688\/revisions"}],"predecessor-version":[{"id":7693,"href":"https:\/\/centresmolina.com\/centreensenyament\/wp-json\/wp\/v2\/posts\/7688\/revisions\/7693"}],"wp:featuredmedia":[{"embeddable":true,"href":"https:\/\/centresmolina.com\/centreensenyament\/wp-json\/wp\/v2\/media\/7691"}],"wp:attachment":[{"href":"https:\/\/centresmolina.com\/centreensenyament\/wp-json\/wp\/v2\/media?parent=7688"}],"wp:term":[{"taxonomy":"category","embeddable":true,"href":"https:\/\/centresmolina.com\/centreensenyament\/wp-json\/wp\/v2\/categories?post=7688"},{"taxonomy":"post_tag","embeddable":true,"href":"https:\/\/centresmolina.com\/centreensenyament\/wp-json\/wp\/v2\/tags?post=7688"}],"curies":[{"name":"wp","href":"https:\/\/api.w.org\/{rel}","templated":true}]}}