{"id":7827,"date":"2018-05-11T15:27:58","date_gmt":"2018-05-11T15:27:58","guid":{"rendered":"http:\/\/centresmolina.com\/centreensenyament\/?p=7827"},"modified":"2018-05-12T16:09:14","modified_gmt":"2018-05-12T16:09:14","slug":"practiques-de-laboratori-eso3","status":"publish","type":"post","link":"https:\/\/centresmolina.com\/centreensenyament\/2018\/05\/11\/practiques-de-laboratori-eso3\/","title":{"rendered":"Pr\u00e0ctiques de Laboratori ESO3"},"content":{"rendered":"<p>Ja fa uns dies que els alumnes d&#8217;ESO3 han canviat de cr\u00e8dit i alguna de les pr\u00e0ctiques que han fet s\u00f3n:<\/p>\n<ul>\n<li>MESURA DE VOLUMS AMB LA PERA I LA PIPETA: amb aquesta pr\u00e0ctica els alumnes han apr\u00e9s a treballar amb la pera, la pipeta, la proveta i el vas de precipitats.\n\t\t<style type=\"text\/css\">\n\t\t\t#gallery-1 {\n\t\t\t\tmargin: auto;\n\t\t\t}\n\t\t\t#gallery-1 .gallery-item {\n\t\t\t\tfloat: left;\n\t\t\t\tmargin-top: 10px;\n\t\t\t\ttext-align: center;\n\t\t\t\twidth: 50%;\n\t\t\t}\n\t\t\t#gallery-1 img {\n\t\t\t\tborder: 2px solid #cfcfcf;\n\t\t\t}\n\t\t\t#gallery-1 .gallery-caption {\n\t\t\t\tmargin-left: 0;\n\t\t\t}\n\t\t\t\/* see gallery_shortcode() in wp-includes\/media.php *\/\n\t\t<\/style>\n\t\t<div id='gallery-1' class='gallery galleryid-7827 gallery-columns-2 gallery-size-medium'><dl class='gallery-item'>\n\t\t\t<dt class='gallery-icon landscape'>\n\t\t\t\t<a href='https:\/\/centresmolina.com\/centreensenyament\/files\/2018\/05\/Mesura-de-volums-6.jpg'><img loading=\"lazy\" decoding=\"async\" width=\"300\" height=\"222\" src=\"https:\/\/centresmolina.com\/centreensenyament\/files\/2018\/05\/Mesura-de-volums-6-300x222.jpg\" class=\"attachment-medium size-medium\" alt=\"\" srcset=\"https:\/\/centresmolina.com\/centreensenyament\/files\/2018\/05\/Mesura-de-volums-6-300x222.jpg 300w, https:\/\/centresmolina.com\/centreensenyament\/files\/2018\/05\/Mesura-de-volums-6-768x569.jpg 768w, https:\/\/centresmolina.com\/centreensenyament\/files\/2018\/05\/Mesura-de-volums-6-1024x759.jpg 1024w\" sizes=\"auto, (max-width: 300px) 100vw, 300px\" \/><\/a>\n\t\t\t<\/dt><\/dl><dl class='gallery-item'>\n\t\t\t<dt class='gallery-icon landscape'>\n\t\t\t\t<a href='https:\/\/centresmolina.com\/centreensenyament\/files\/2018\/05\/Mesura-de-volums-3.jpg'><img loading=\"lazy\" decoding=\"async\" width=\"300\" height=\"222\" src=\"https:\/\/centresmolina.com\/centreensenyament\/files\/2018\/05\/Mesura-de-volums-3-300x222.jpg\" class=\"attachment-medium size-medium\" alt=\"\" srcset=\"https:\/\/centresmolina.com\/centreensenyament\/files\/2018\/05\/Mesura-de-volums-3-300x222.jpg 300w, https:\/\/centresmolina.com\/centreensenyament\/files\/2018\/05\/Mesura-de-volums-3-768x569.jpg 768w, https:\/\/centresmolina.com\/centreensenyament\/files\/2018\/05\/Mesura-de-volums-3-1024x759.jpg 1024w\" sizes=\"auto, (max-width: 300px) 100vw, 300px\" \/><\/a>\n\t\t\t<\/dt><\/dl><br style=\"clear: both\" \/><dl class='gallery-item'>\n\t\t\t<dt class='gallery-icon landscape'>\n\t\t\t\t<a href='https:\/\/centresmolina.com\/centreensenyament\/files\/2018\/05\/Mesura-de-volums-5.jpg'><img loading=\"lazy\" decoding=\"async\" width=\"300\" height=\"222\" src=\"https:\/\/centresmolina.com\/centreensenyament\/files\/2018\/05\/Mesura-de-volums-5-300x222.jpg\" class=\"attachment-medium size-medium\" alt=\"\" srcset=\"https:\/\/centresmolina.com\/centreensenyament\/files\/2018\/05\/Mesura-de-volums-5-300x222.jpg 300w, https:\/\/centresmolina.com\/centreensenyament\/files\/2018\/05\/Mesura-de-volums-5-768x569.jpg 768w, https:\/\/centresmolina.com\/centreensenyament\/files\/2018\/05\/Mesura-de-volums-5-1024x759.jpg 1024w\" sizes=\"auto, (max-width: 300px) 100vw, 300px\" \/><\/a>\n\t\t\t<\/dt><\/dl><dl class='gallery-item'>\n\t\t\t<dt class='gallery-icon landscape'>\n\t\t\t\t<a href='https:\/\/centresmolina.com\/centreensenyament\/files\/2018\/05\/Mesura-de-volums-4.jpg'><img loading=\"lazy\" decoding=\"async\" width=\"300\" height=\"222\" src=\"https:\/\/centresmolina.com\/centreensenyament\/files\/2018\/05\/Mesura-de-volums-4-300x222.jpg\" class=\"attachment-medium size-medium\" alt=\"\" srcset=\"https:\/\/centresmolina.com\/centreensenyament\/files\/2018\/05\/Mesura-de-volums-4-300x222.jpg 300w, https:\/\/centresmolina.com\/centreensenyament\/files\/2018\/05\/Mesura-de-volums-4-768x569.jpg 768w, https:\/\/centresmolina.com\/centreensenyament\/files\/2018\/05\/Mesura-de-volums-4-1024x759.jpg 1024w\" sizes=\"auto, (max-width: 300px) 100vw, 300px\" \/><\/a>\n\t\t\t<\/dt><\/dl><br style=\"clear: both\" \/><dl class='gallery-item'>\n\t\t\t<dt class='gallery-icon landscape'>\n\t\t\t\t<a href='https:\/\/centresmolina.com\/centreensenyament\/files\/2018\/05\/Mesura-de-volums-1.jpg'><img loading=\"lazy\" decoding=\"async\" width=\"300\" height=\"222\" src=\"https:\/\/centresmolina.com\/centreensenyament\/files\/2018\/05\/Mesura-de-volums-1-300x222.jpg\" class=\"attachment-medium size-medium\" alt=\"\" srcset=\"https:\/\/centresmolina.com\/centreensenyament\/files\/2018\/05\/Mesura-de-volums-1-300x222.jpg 300w, https:\/\/centresmolina.com\/centreensenyament\/files\/2018\/05\/Mesura-de-volums-1-768x569.jpg 768w, https:\/\/centresmolina.com\/centreensenyament\/files\/2018\/05\/Mesura-de-volums-1-1024x759.jpg 1024w\" sizes=\"auto, (max-width: 300px) 100vw, 300px\" \/><\/a>\n\t\t\t<\/dt><\/dl><dl class='gallery-item'>\n\t\t\t<dt class='gallery-icon landscape'>\n\t\t\t\t<a href='https:\/\/centresmolina.com\/centreensenyament\/files\/2018\/05\/Mesura-de-volums-2.jpg'><img loading=\"lazy\" decoding=\"async\" width=\"300\" height=\"222\" src=\"https:\/\/centresmolina.com\/centreensenyament\/files\/2018\/05\/Mesura-de-volums-2-300x222.jpg\" class=\"attachment-medium size-medium\" alt=\"\" srcset=\"https:\/\/centresmolina.com\/centreensenyament\/files\/2018\/05\/Mesura-de-volums-2-300x222.jpg 300w, https:\/\/centresmolina.com\/centreensenyament\/files\/2018\/05\/Mesura-de-volums-2-768x569.jpg 768w, https:\/\/centresmolina.com\/centreensenyament\/files\/2018\/05\/Mesura-de-volums-2-1024x759.jpg 1024w\" sizes=\"auto, (max-width: 300px) 100vw, 300px\" \/><\/a>\n\t\t\t<\/dt><\/dl><br style=\"clear: both\" \/>\n\t\t<\/div>\n<\/li>\n<li>OBSERVACI\u00d3 DE C\u00c8L\u00b7LULES DE LA CEBA AL MICROSCOPI \u00d2PTIC: amb el microscopi \u00f2ptic hem observat c\u00e8l\u00b7lules de l&#8217;epitel\u00b7li bucal hum\u00e0, c\u00e8l\u00b7lules de l&#8217;enciam i c\u00e8l\u00b7lules de l&#8217;epidermis de la ceba. Per poder veure aquestes \u00faltimes han tallat, extret la capa epitel\u00b7lial i fet una preparaci\u00f3 per poder descobrir les cel\u00b7lules al microscopi. Hem plorat una mica, per\u00f2 tot ha sortit b\u00e9.\n\t\t<style type=\"text\/css\">\n\t\t\t#gallery-2 {\n\t\t\t\tmargin: auto;\n\t\t\t}\n\t\t\t#gallery-2 .gallery-item {\n\t\t\t\tfloat: left;\n\t\t\t\tmargin-top: 10px;\n\t\t\t\ttext-align: center;\n\t\t\t\twidth: 50%;\n\t\t\t}\n\t\t\t#gallery-2 img {\n\t\t\t\tborder: 2px solid #cfcfcf;\n\t\t\t}\n\t\t\t#gallery-2 .gallery-caption {\n\t\t\t\tmargin-left: 0;\n\t\t\t}\n\t\t\t\/* see gallery_shortcode() in wp-includes\/media.php *\/\n\t\t<\/style>\n\t\t<div id='gallery-2' class='gallery galleryid-7827 gallery-columns-2 gallery-size-medium'><dl class='gallery-item'>\n\t\t\t<dt class='gallery-icon landscape'>\n\t\t\t\t<a href='https:\/\/centresmolina.com\/centreensenyament\/files\/2018\/05\/Cel\u00b7lules-de-la-ceba-2.jpg'><img loading=\"lazy\" decoding=\"async\" width=\"300\" height=\"222\" src=\"https:\/\/centresmolina.com\/centreensenyament\/files\/2018\/05\/Cel\u00b7lules-de-la-ceba-2-300x222.jpg\" class=\"attachment-medium size-medium\" alt=\"\" srcset=\"https:\/\/centresmolina.com\/centreensenyament\/files\/2018\/05\/Cel\u00b7lules-de-la-ceba-2-300x222.jpg 300w, https:\/\/centresmolina.com\/centreensenyament\/files\/2018\/05\/Cel\u00b7lules-de-la-ceba-2-768x569.jpg 768w, https:\/\/centresmolina.com\/centreensenyament\/files\/2018\/05\/Cel\u00b7lules-de-la-ceba-2-1024x759.jpg 1024w\" sizes=\"auto, (max-width: 300px) 100vw, 300px\" \/><\/a>\n\t\t\t<\/dt><\/dl><dl class='gallery-item'>\n\t\t\t<dt class='gallery-icon landscape'>\n\t\t\t\t<a href='https:\/\/centresmolina.com\/centreensenyament\/files\/2018\/05\/Cel\u00b7lules-de-la-ceba-3.jpg'><img loading=\"lazy\" decoding=\"async\" width=\"300\" height=\"222\" src=\"https:\/\/centresmolina.com\/centreensenyament\/files\/2018\/05\/Cel\u00b7lules-de-la-ceba-3-300x222.jpg\" class=\"attachment-medium size-medium\" alt=\"\" srcset=\"https:\/\/centresmolina.com\/centreensenyament\/files\/2018\/05\/Cel\u00b7lules-de-la-ceba-3-300x222.jpg 300w, https:\/\/centresmolina.com\/centreensenyament\/files\/2018\/05\/Cel\u00b7lules-de-la-ceba-3-768x569.jpg 768w, https:\/\/centresmolina.com\/centreensenyament\/files\/2018\/05\/Cel\u00b7lules-de-la-ceba-3-1024x759.jpg 1024w\" sizes=\"auto, (max-width: 300px) 100vw, 300px\" \/><\/a>\n\t\t\t<\/dt><\/dl><br style=\"clear: both\" \/><dl class='gallery-item'>\n\t\t\t<dt class='gallery-icon landscape'>\n\t\t\t\t<a href='https:\/\/centresmolina.com\/centreensenyament\/files\/2018\/05\/Cel\u00b7lules-de-la-ceba-4.jpg'><img loading=\"lazy\" decoding=\"async\" width=\"300\" height=\"222\" src=\"https:\/\/centresmolina.com\/centreensenyament\/files\/2018\/05\/Cel\u00b7lules-de-la-ceba-4-300x222.jpg\" class=\"attachment-medium size-medium\" alt=\"\" srcset=\"https:\/\/centresmolina.com\/centreensenyament\/files\/2018\/05\/Cel\u00b7lules-de-la-ceba-4-300x222.jpg 300w, https:\/\/centresmolina.com\/centreensenyament\/files\/2018\/05\/Cel\u00b7lules-de-la-ceba-4-768x569.jpg 768w, https:\/\/centresmolina.com\/centreensenyament\/files\/2018\/05\/Cel\u00b7lules-de-la-ceba-4-1024x759.jpg 1024w\" sizes=\"auto, (max-width: 300px) 100vw, 300px\" \/><\/a>\n\t\t\t<\/dt><\/dl><dl class='gallery-item'>\n\t\t\t<dt class='gallery-icon landscape'>\n\t\t\t\t<a href='https:\/\/centresmolina.com\/centreensenyament\/files\/2018\/05\/Cel\u00b7lules-de-la-ceba-6.jpg'><img loading=\"lazy\" decoding=\"async\" width=\"300\" height=\"222\" src=\"https:\/\/centresmolina.com\/centreensenyament\/files\/2018\/05\/Cel\u00b7lules-de-la-ceba-6-300x222.jpg\" class=\"attachment-medium size-medium\" alt=\"\" srcset=\"https:\/\/centresmolina.com\/centreensenyament\/files\/2018\/05\/Cel\u00b7lules-de-la-ceba-6-300x222.jpg 300w, https:\/\/centresmolina.com\/centreensenyament\/files\/2018\/05\/Cel\u00b7lules-de-la-ceba-6-768x569.jpg 768w, https:\/\/centresmolina.com\/centreensenyament\/files\/2018\/05\/Cel\u00b7lules-de-la-ceba-6-1024x759.jpg 1024w\" sizes=\"auto, (max-width: 300px) 100vw, 300px\" \/><\/a>\n\t\t\t<\/dt><\/dl><br style=\"clear: both\" \/><dl class='gallery-item'>\n\t\t\t<dt class='gallery-icon landscape'>\n\t\t\t\t<a href='https:\/\/centresmolina.com\/centreensenyament\/files\/2018\/05\/Cel\u00b7lules-de-la-ceba-7.jpg'><img loading=\"lazy\" decoding=\"async\" width=\"300\" height=\"222\" src=\"https:\/\/centresmolina.com\/centreensenyament\/files\/2018\/05\/Cel\u00b7lules-de-la-ceba-7-300x222.jpg\" class=\"attachment-medium size-medium\" alt=\"\" srcset=\"https:\/\/centresmolina.com\/centreensenyament\/files\/2018\/05\/Cel\u00b7lules-de-la-ceba-7-300x222.jpg 300w, https:\/\/centresmolina.com\/centreensenyament\/files\/2018\/05\/Cel\u00b7lules-de-la-ceba-7-768x569.jpg 768w, https:\/\/centresmolina.com\/centreensenyament\/files\/2018\/05\/Cel\u00b7lules-de-la-ceba-7-1024x759.jpg 1024w\" sizes=\"auto, (max-width: 300px) 100vw, 300px\" \/><\/a>\n\t\t\t<\/dt><\/dl><dl class='gallery-item'>\n\t\t\t<dt class='gallery-icon landscape'>\n\t\t\t\t<a href='https:\/\/centresmolina.com\/centreensenyament\/files\/2018\/05\/Cel\u00b7lules-de-la-ceba-8.jpg'><img loading=\"lazy\" decoding=\"async\" width=\"300\" height=\"222\" src=\"https:\/\/centresmolina.com\/centreensenyament\/files\/2018\/05\/Cel\u00b7lules-de-la-ceba-8-300x222.jpg\" class=\"attachment-medium size-medium\" alt=\"\" srcset=\"https:\/\/centresmolina.com\/centreensenyament\/files\/2018\/05\/Cel\u00b7lules-de-la-ceba-8-300x222.jpg 300w, https:\/\/centresmolina.com\/centreensenyament\/files\/2018\/05\/Cel\u00b7lules-de-la-ceba-8-768x569.jpg 768w, https:\/\/centresmolina.com\/centreensenyament\/files\/2018\/05\/Cel\u00b7lules-de-la-ceba-8-1024x759.jpg 1024w\" sizes=\"auto, (max-width: 300px) 100vw, 300px\" \/><\/a>\n\t\t\t<\/dt><\/dl><br style=\"clear: both\" \/>\n\t\t<\/div>\n<\/li>\n<li>DISSECCI\u00d3 D&#8217;UN PULM\u00d3 DE XAI: a l&#8217;assignatura de Ci\u00e8ncies ( Biologia i Geologia) els alumnes de tercer han estudiat la nutrici\u00f3 i per tant un dels aparell que han treballat ha estat el respiratori. Una forma m\u00e9s manipulativa \u00e9s al laboratori bufant, tocant, tallant, i observant els pulmons ( tr\u00e0quea, bronquis, bronqu\u00edols&#8230;).<\/li>\n<\/ul>\n\n\t\t<style type=\"text\/css\">\n\t\t\t#gallery-3 {\n\t\t\t\tmargin: auto;\n\t\t\t}\n\t\t\t#gallery-3 .gallery-item {\n\t\t\t\tfloat: left;\n\t\t\t\tmargin-top: 10px;\n\t\t\t\ttext-align: center;\n\t\t\t\twidth: 50%;\n\t\t\t}\n\t\t\t#gallery-3 img {\n\t\t\t\tborder: 2px solid #cfcfcf;\n\t\t\t}\n\t\t\t#gallery-3 .gallery-caption {\n\t\t\t\tmargin-left: 0;\n\t\t\t}\n\t\t\t\/* see gallery_shortcode() in wp-includes\/media.php *\/\n\t\t<\/style>\n\t\t<div id='gallery-3' class='gallery galleryid-7827 gallery-columns-2 gallery-size-medium'><dl class='gallery-item'>\n\t\t\t<dt class='gallery-icon landscape'>\n\t\t\t\t<a href='https:\/\/centresmolina.com\/centreensenyament\/files\/2018\/05\/Treballem-amb-un-pulm\u00f3-de-xai-1.jpg'><img loading=\"lazy\" decoding=\"async\" width=\"300\" height=\"222\" src=\"https:\/\/centresmolina.com\/centreensenyament\/files\/2018\/05\/Treballem-amb-un-pulm\u00f3-de-xai-1-300x222.jpg\" class=\"attachment-medium size-medium\" alt=\"\" srcset=\"https:\/\/centresmolina.com\/centreensenyament\/files\/2018\/05\/Treballem-amb-un-pulm\u00f3-de-xai-1-300x222.jpg 300w, https:\/\/centresmolina.com\/centreensenyament\/files\/2018\/05\/Treballem-amb-un-pulm\u00f3-de-xai-1-768x569.jpg 768w, https:\/\/centresmolina.com\/centreensenyament\/files\/2018\/05\/Treballem-amb-un-pulm\u00f3-de-xai-1-1024x759.jpg 1024w\" sizes=\"auto, (max-width: 300px) 100vw, 300px\" \/><\/a>\n\t\t\t<\/dt><\/dl><dl class='gallery-item'>\n\t\t\t<dt class='gallery-icon landscape'>\n\t\t\t\t<a href='https:\/\/centresmolina.com\/centreensenyament\/files\/2018\/05\/Treballem-amb-un-pulm\u00f3-de-xai-4.jpg'><img loading=\"lazy\" decoding=\"async\" width=\"300\" height=\"222\" src=\"https:\/\/centresmolina.com\/centreensenyament\/files\/2018\/05\/Treballem-amb-un-pulm\u00f3-de-xai-4-300x222.jpg\" class=\"attachment-medium size-medium\" alt=\"\" srcset=\"https:\/\/centresmolina.com\/centreensenyament\/files\/2018\/05\/Treballem-amb-un-pulm\u00f3-de-xai-4-300x222.jpg 300w, https:\/\/centresmolina.com\/centreensenyament\/files\/2018\/05\/Treballem-amb-un-pulm\u00f3-de-xai-4-768x569.jpg 768w, https:\/\/centresmolina.com\/centreensenyament\/files\/2018\/05\/Treballem-amb-un-pulm\u00f3-de-xai-4-1024x759.jpg 1024w\" sizes=\"auto, (max-width: 300px) 100vw, 300px\" \/><\/a>\n\t\t\t<\/dt><\/dl><br style=\"clear: both\" \/><dl class='gallery-item'>\n\t\t\t<dt class='gallery-icon landscape'>\n\t\t\t\t<a href='https:\/\/centresmolina.com\/centreensenyament\/files\/2018\/05\/Treballem-amb-un-pulm\u00f3-de-xai-2.jpg'><img loading=\"lazy\" decoding=\"async\" width=\"300\" height=\"222\" src=\"https:\/\/centresmolina.com\/centreensenyament\/files\/2018\/05\/Treballem-amb-un-pulm\u00f3-de-xai-2-300x222.jpg\" class=\"attachment-medium size-medium\" alt=\"\" srcset=\"https:\/\/centresmolina.com\/centreensenyament\/files\/2018\/05\/Treballem-amb-un-pulm\u00f3-de-xai-2-300x222.jpg 300w, https:\/\/centresmolina.com\/centreensenyament\/files\/2018\/05\/Treballem-amb-un-pulm\u00f3-de-xai-2-768x569.jpg 768w, https:\/\/centresmolina.com\/centreensenyament\/files\/2018\/05\/Treballem-amb-un-pulm\u00f3-de-xai-2-1024x759.jpg 1024w\" sizes=\"auto, (max-width: 300px) 100vw, 300px\" \/><\/a>\n\t\t\t<\/dt><\/dl><dl class='gallery-item'>\n\t\t\t<dt class='gallery-icon landscape'>\n\t\t\t\t<a href='https:\/\/centresmolina.com\/centreensenyament\/files\/2018\/05\/Treballem-amb-un-pulm\u00f3-de-xai-3.jpg'><img loading=\"lazy\" decoding=\"async\" width=\"300\" height=\"222\" src=\"https:\/\/centresmolina.com\/centreensenyament\/files\/2018\/05\/Treballem-amb-un-pulm\u00f3-de-xai-3-300x222.jpg\" class=\"attachment-medium size-medium\" alt=\"\" srcset=\"https:\/\/centresmolina.com\/centreensenyament\/files\/2018\/05\/Treballem-amb-un-pulm\u00f3-de-xai-3-300x222.jpg 300w, https:\/\/centresmolina.com\/centreensenyament\/files\/2018\/05\/Treballem-amb-un-pulm\u00f3-de-xai-3-768x569.jpg 768w, https:\/\/centresmolina.com\/centreensenyament\/files\/2018\/05\/Treballem-amb-un-pulm\u00f3-de-xai-3-1024x759.jpg 1024w\" sizes=\"auto, (max-width: 300px) 100vw, 300px\" \/><\/a>\n\t\t\t<\/dt><\/dl><br style=\"clear: both\" \/>\n\t\t<\/div>\n\n<p style=\"text-align: center\">Quines ganes que tenim que arribi dimecres per treballar amb un cor de porc!<\/p>\n","protected":false},"excerpt":{"rendered":"<p>Ja fa uns dies que els alumnes d&#8217;ESO3 han canviat de cr\u00e8dit i alguna de les pr\u00e0ctiques que han fet&#8230;<\/p>\n","protected":false},"author":3,"featured_media":7846,"comment_status":"open","ping_status":"open","sticky":false,"template":"","format":"standard","meta":{"footnotes":""},"categories":[5],"tags":[107,58,47,19,55,85],"class_list":["post-7827","post","type-post","status-publish","format-standard","has-post-thumbnail","hentry","category-noticies","tag-3r-eso","tag-desenvolupament-personal-i-academic","tag-educacio-secundaria-obligatoria","tag-escola-molina","tag-experiencia","tag-laboratori"],"yoast_head":"<!-- This site is optimized with the Yoast SEO plugin v27.2 - https:\/\/yoast.com\/product\/yoast-seo-wordpress\/ -->\n<title>Pr\u00e0ctiques de Laboratori ESO3 - Centros de ense\u00f1anza<\/title>\n<meta name=\"robots\" content=\"index, follow, max-snippet:-1, max-image-preview:large, max-video-preview:-1\" \/>\n<link rel=\"canonical\" href=\"https:\/\/centresmolina.com\/centreensenyament\/2018\/05\/11\/practiques-de-laboratori-eso3\/\" \/>\n<meta property=\"og:locale\" content=\"ca_ES\" \/>\n<meta property=\"og:type\" content=\"article\" \/>\n<meta property=\"og:title\" content=\"Pr\u00e0ctiques de Laboratori ESO3 - Centros de ense\u00f1anza\" \/>\n<meta property=\"og:description\" content=\"Ja fa uns dies que els alumnes d&#8217;ESO3 han canviat de cr\u00e8dit i alguna de les pr\u00e0ctiques que han fet...\" \/>\n<meta property=\"og:url\" content=\"https:\/\/centresmolina.com\/centreensenyament\/2018\/05\/11\/practiques-de-laboratori-eso3\/\" \/>\n<meta property=\"og:site_name\" content=\"Centros de ense\u00f1anza\" \/>\n<meta property=\"article:published_time\" content=\"2018-05-11T15:27:58+00:00\" \/>\n<meta property=\"article:modified_time\" content=\"2018-05-12T16:09:14+00:00\" \/>\n<meta property=\"og:image\" content=\"https:\/\/centresmolina.com\/centreensenyament\/files\/2018\/05\/IMG_20180215_095534_059.jpg\" \/>\n\t<meta property=\"og:image:width\" content=\"4208\" \/>\n\t<meta property=\"og:image:height\" content=\"3120\" \/>\n\t<meta property=\"og:image:type\" content=\"image\/jpeg\" \/>\n<meta name=\"author\" content=\"webmolina\" \/>\n<meta name=\"twitter:label1\" content=\"Escrit per\" \/>\n\t<meta name=\"twitter:data1\" content=\"webmolina\" \/>\n\t<meta name=\"twitter:label2\" content=\"Temps estimat de lectura\" \/>\n\t<meta name=\"twitter:data2\" content=\"1 minut\" \/>\n<script type=\"application\/ld+json\" class=\"yoast-schema-graph\">{\"@context\":\"https:\/\/schema.org\",\"@graph\":[{\"@type\":\"Article\",\"@id\":\"https:\/\/centresmolina.com\/centreensenyament\/2018\/05\/11\/practiques-de-laboratori-eso3\/#article\",\"isPartOf\":{\"@id\":\"https:\/\/centresmolina.com\/centreensenyament\/2018\/05\/11\/practiques-de-laboratori-eso3\/\"},\"author\":{\"name\":\"webmolina\",\"@id\":\"https:\/\/centresmolina.com\/centreensenyament\/#\/schema\/person\/308d85d274adff04b5c51d47e8aff6cc\"},\"headline\":\"Pr\u00e0ctiques de Laboratori ESO3\",\"datePublished\":\"2018-05-11T15:27:58+00:00\",\"dateModified\":\"2018-05-12T16:09:14+00:00\",\"mainEntityOfPage\":{\"@id\":\"https:\/\/centresmolina.com\/centreensenyament\/2018\/05\/11\/practiques-de-laboratori-eso3\/\"},\"wordCount\":222,\"commentCount\":0,\"image\":{\"@id\":\"https:\/\/centresmolina.com\/centreensenyament\/2018\/05\/11\/practiques-de-laboratori-eso3\/#primaryimage\"},\"thumbnailUrl\":\"https:\/\/centresmolina.com\/centreensenyament\/files\/2018\/05\/IMG_20180215_095534_059.jpg\",\"keywords\":[\"3r ESO\",\"desenvolupament personal i acad\u00e8mic\",\"educaci\u00f3 secund\u00e0ria obligat\u00f2ria\",\"Escola Molina\",\"experi\u00e8ncia\",\"laboratori\"],\"articleSection\":[\"Not\u00edcies\"],\"inLanguage\":\"ca\",\"potentialAction\":[{\"@type\":\"CommentAction\",\"name\":\"Comment\",\"target\":[\"https:\/\/centresmolina.com\/centreensenyament\/2018\/05\/11\/practiques-de-laboratori-eso3\/#respond\"]}]},{\"@type\":\"WebPage\",\"@id\":\"https:\/\/centresmolina.com\/centreensenyament\/2018\/05\/11\/practiques-de-laboratori-eso3\/\",\"url\":\"https:\/\/centresmolina.com\/centreensenyament\/2018\/05\/11\/practiques-de-laboratori-eso3\/\",\"name\":\"Pr\u00e0ctiques de Laboratori ESO3 - Centros de ense\u00f1anza\",\"isPartOf\":{\"@id\":\"https:\/\/centresmolina.com\/centreensenyament\/#website\"},\"primaryImageOfPage\":{\"@id\":\"https:\/\/centresmolina.com\/centreensenyament\/2018\/05\/11\/practiques-de-laboratori-eso3\/#primaryimage\"},\"image\":{\"@id\":\"https:\/\/centresmolina.com\/centreensenyament\/2018\/05\/11\/practiques-de-laboratori-eso3\/#primaryimage\"},\"thumbnailUrl\":\"https:\/\/centresmolina.com\/centreensenyament\/files\/2018\/05\/IMG_20180215_095534_059.jpg\",\"datePublished\":\"2018-05-11T15:27:58+00:00\",\"dateModified\":\"2018-05-12T16:09:14+00:00\",\"author\":{\"@id\":\"https:\/\/centresmolina.com\/centreensenyament\/#\/schema\/person\/308d85d274adff04b5c51d47e8aff6cc\"},\"breadcrumb\":{\"@id\":\"https:\/\/centresmolina.com\/centreensenyament\/2018\/05\/11\/practiques-de-laboratori-eso3\/#breadcrumb\"},\"inLanguage\":\"ca\",\"potentialAction\":[{\"@type\":\"ReadAction\",\"target\":[\"https:\/\/centresmolina.com\/centreensenyament\/2018\/05\/11\/practiques-de-laboratori-eso3\/\"]}]},{\"@type\":\"ImageObject\",\"inLanguage\":\"ca\",\"@id\":\"https:\/\/centresmolina.com\/centreensenyament\/2018\/05\/11\/practiques-de-laboratori-eso3\/#primaryimage\",\"url\":\"https:\/\/centresmolina.com\/centreensenyament\/files\/2018\/05\/IMG_20180215_095534_059.jpg\",\"contentUrl\":\"https:\/\/centresmolina.com\/centreensenyament\/files\/2018\/05\/IMG_20180215_095534_059.jpg\",\"width\":4208,\"height\":3120},{\"@type\":\"BreadcrumbList\",\"@id\":\"https:\/\/centresmolina.com\/centreensenyament\/2018\/05\/11\/practiques-de-laboratori-eso3\/#breadcrumb\",\"itemListElement\":[{\"@type\":\"ListItem\",\"position\":1,\"name\":\"Portada\",\"item\":\"https:\/\/centresmolina.com\/centreensenyament\/\"},{\"@type\":\"ListItem\",\"position\":2,\"name\":\"Pr\u00e0ctiques de Laboratori ESO3\"}]},{\"@type\":\"WebSite\",\"@id\":\"https:\/\/centresmolina.com\/centreensenyament\/#website\",\"url\":\"https:\/\/centresmolina.com\/centreensenyament\/\",\"name\":\"Centros de ense\u00f1anza\",\"description\":\"Centres Molina - Centros de ense\u00f1anza\",\"potentialAction\":[{\"@type\":\"SearchAction\",\"target\":{\"@type\":\"EntryPoint\",\"urlTemplate\":\"https:\/\/centresmolina.com\/centreensenyament\/?s={search_term_string}\"},\"query-input\":{\"@type\":\"PropertyValueSpecification\",\"valueRequired\":true,\"valueName\":\"search_term_string\"}}],\"inLanguage\":\"ca\"},{\"@type\":\"Person\",\"@id\":\"https:\/\/centresmolina.com\/centreensenyament\/#\/schema\/person\/308d85d274adff04b5c51d47e8aff6cc\",\"name\":\"webmolina\",\"image\":{\"@type\":\"ImageObject\",\"inLanguage\":\"ca\",\"@id\":\"https:\/\/secure.gravatar.com\/avatar\/38db407e1ab9b284bf45e3bff4ec5cf1e034e364f09b2ee054619614662a717b?s=96&d=mm&r=g\",\"url\":\"https:\/\/secure.gravatar.com\/avatar\/38db407e1ab9b284bf45e3bff4ec5cf1e034e364f09b2ee054619614662a717b?s=96&d=mm&r=g\",\"contentUrl\":\"https:\/\/secure.gravatar.com\/avatar\/38db407e1ab9b284bf45e3bff4ec5cf1e034e364f09b2ee054619614662a717b?s=96&d=mm&r=g\",\"caption\":\"webmolina\"},\"url\":\"https:\/\/centresmolina.com\/centreensenyament\/author\/webmolina\/\"}]}<\/script>\n<!-- \/ Yoast SEO plugin. -->","yoast_head_json":{"title":"Pr\u00e0ctiques de Laboratori ESO3 - Centros de ense\u00f1anza","robots":{"index":"index","follow":"follow","max-snippet":"max-snippet:-1","max-image-preview":"max-image-preview:large","max-video-preview":"max-video-preview:-1"},"canonical":"https:\/\/centresmolina.com\/centreensenyament\/2018\/05\/11\/practiques-de-laboratori-eso3\/","og_locale":"ca_ES","og_type":"article","og_title":"Pr\u00e0ctiques de Laboratori ESO3 - Centros de ense\u00f1anza","og_description":"Ja fa uns dies que els alumnes d&#8217;ESO3 han canviat de cr\u00e8dit i alguna de les pr\u00e0ctiques que han fet...","og_url":"https:\/\/centresmolina.com\/centreensenyament\/2018\/05\/11\/practiques-de-laboratori-eso3\/","og_site_name":"Centros de ense\u00f1anza","article_published_time":"2018-05-11T15:27:58+00:00","article_modified_time":"2018-05-12T16:09:14+00:00","og_image":[{"width":4208,"height":3120,"url":"https:\/\/centresmolina.com\/centreensenyament\/files\/2018\/05\/IMG_20180215_095534_059.jpg","type":"image\/jpeg"}],"author":"webmolina","twitter_misc":{"Escrit per":"webmolina","Temps estimat de lectura":"1 minut"},"schema":{"@context":"https:\/\/schema.org","@graph":[{"@type":"Article","@id":"https:\/\/centresmolina.com\/centreensenyament\/2018\/05\/11\/practiques-de-laboratori-eso3\/#article","isPartOf":{"@id":"https:\/\/centresmolina.com\/centreensenyament\/2018\/05\/11\/practiques-de-laboratori-eso3\/"},"author":{"name":"webmolina","@id":"https:\/\/centresmolina.com\/centreensenyament\/#\/schema\/person\/308d85d274adff04b5c51d47e8aff6cc"},"headline":"Pr\u00e0ctiques de Laboratori ESO3","datePublished":"2018-05-11T15:27:58+00:00","dateModified":"2018-05-12T16:09:14+00:00","mainEntityOfPage":{"@id":"https:\/\/centresmolina.com\/centreensenyament\/2018\/05\/11\/practiques-de-laboratori-eso3\/"},"wordCount":222,"commentCount":0,"image":{"@id":"https:\/\/centresmolina.com\/centreensenyament\/2018\/05\/11\/practiques-de-laboratori-eso3\/#primaryimage"},"thumbnailUrl":"https:\/\/centresmolina.com\/centreensenyament\/files\/2018\/05\/IMG_20180215_095534_059.jpg","keywords":["3r ESO","desenvolupament personal i acad\u00e8mic","educaci\u00f3 secund\u00e0ria obligat\u00f2ria","Escola Molina","experi\u00e8ncia","laboratori"],"articleSection":["Not\u00edcies"],"inLanguage":"ca","potentialAction":[{"@type":"CommentAction","name":"Comment","target":["https:\/\/centresmolina.com\/centreensenyament\/2018\/05\/11\/practiques-de-laboratori-eso3\/#respond"]}]},{"@type":"WebPage","@id":"https:\/\/centresmolina.com\/centreensenyament\/2018\/05\/11\/practiques-de-laboratori-eso3\/","url":"https:\/\/centresmolina.com\/centreensenyament\/2018\/05\/11\/practiques-de-laboratori-eso3\/","name":"Pr\u00e0ctiques de Laboratori ESO3 - Centros de ense\u00f1anza","isPartOf":{"@id":"https:\/\/centresmolina.com\/centreensenyament\/#website"},"primaryImageOfPage":{"@id":"https:\/\/centresmolina.com\/centreensenyament\/2018\/05\/11\/practiques-de-laboratori-eso3\/#primaryimage"},"image":{"@id":"https:\/\/centresmolina.com\/centreensenyament\/2018\/05\/11\/practiques-de-laboratori-eso3\/#primaryimage"},"thumbnailUrl":"https:\/\/centresmolina.com\/centreensenyament\/files\/2018\/05\/IMG_20180215_095534_059.jpg","datePublished":"2018-05-11T15:27:58+00:00","dateModified":"2018-05-12T16:09:14+00:00","author":{"@id":"https:\/\/centresmolina.com\/centreensenyament\/#\/schema\/person\/308d85d274adff04b5c51d47e8aff6cc"},"breadcrumb":{"@id":"https:\/\/centresmolina.com\/centreensenyament\/2018\/05\/11\/practiques-de-laboratori-eso3\/#breadcrumb"},"inLanguage":"ca","potentialAction":[{"@type":"ReadAction","target":["https:\/\/centresmolina.com\/centreensenyament\/2018\/05\/11\/practiques-de-laboratori-eso3\/"]}]},{"@type":"ImageObject","inLanguage":"ca","@id":"https:\/\/centresmolina.com\/centreensenyament\/2018\/05\/11\/practiques-de-laboratori-eso3\/#primaryimage","url":"https:\/\/centresmolina.com\/centreensenyament\/files\/2018\/05\/IMG_20180215_095534_059.jpg","contentUrl":"https:\/\/centresmolina.com\/centreensenyament\/files\/2018\/05\/IMG_20180215_095534_059.jpg","width":4208,"height":3120},{"@type":"BreadcrumbList","@id":"https:\/\/centresmolina.com\/centreensenyament\/2018\/05\/11\/practiques-de-laboratori-eso3\/#breadcrumb","itemListElement":[{"@type":"ListItem","position":1,"name":"Portada","item":"https:\/\/centresmolina.com\/centreensenyament\/"},{"@type":"ListItem","position":2,"name":"Pr\u00e0ctiques de Laboratori ESO3"}]},{"@type":"WebSite","@id":"https:\/\/centresmolina.com\/centreensenyament\/#website","url":"https:\/\/centresmolina.com\/centreensenyament\/","name":"Centros de ense\u00f1anza","description":"Centres Molina - Centros de ense\u00f1anza","potentialAction":[{"@type":"SearchAction","target":{"@type":"EntryPoint","urlTemplate":"https:\/\/centresmolina.com\/centreensenyament\/?s={search_term_string}"},"query-input":{"@type":"PropertyValueSpecification","valueRequired":true,"valueName":"search_term_string"}}],"inLanguage":"ca"},{"@type":"Person","@id":"https:\/\/centresmolina.com\/centreensenyament\/#\/schema\/person\/308d85d274adff04b5c51d47e8aff6cc","name":"webmolina","image":{"@type":"ImageObject","inLanguage":"ca","@id":"https:\/\/secure.gravatar.com\/avatar\/38db407e1ab9b284bf45e3bff4ec5cf1e034e364f09b2ee054619614662a717b?s=96&d=mm&r=g","url":"https:\/\/secure.gravatar.com\/avatar\/38db407e1ab9b284bf45e3bff4ec5cf1e034e364f09b2ee054619614662a717b?s=96&d=mm&r=g","contentUrl":"https:\/\/secure.gravatar.com\/avatar\/38db407e1ab9b284bf45e3bff4ec5cf1e034e364f09b2ee054619614662a717b?s=96&d=mm&r=g","caption":"webmolina"},"url":"https:\/\/centresmolina.com\/centreensenyament\/author\/webmolina\/"}]}},"_links":{"self":[{"href":"https:\/\/centresmolina.com\/centreensenyament\/wp-json\/wp\/v2\/posts\/7827","targetHints":{"allow":["GET"]}}],"collection":[{"href":"https:\/\/centresmolina.com\/centreensenyament\/wp-json\/wp\/v2\/posts"}],"about":[{"href":"https:\/\/centresmolina.com\/centreensenyament\/wp-json\/wp\/v2\/types\/post"}],"author":[{"embeddable":true,"href":"https:\/\/centresmolina.com\/centreensenyament\/wp-json\/wp\/v2\/users\/3"}],"replies":[{"embeddable":true,"href":"https:\/\/centresmolina.com\/centreensenyament\/wp-json\/wp\/v2\/comments?post=7827"}],"version-history":[{"count":1,"href":"https:\/\/centresmolina.com\/centreensenyament\/wp-json\/wp\/v2\/posts\/7827\/revisions"}],"predecessor-version":[{"id":7844,"href":"https:\/\/centresmolina.com\/centreensenyament\/wp-json\/wp\/v2\/posts\/7827\/revisions\/7844"}],"wp:featuredmedia":[{"embeddable":true,"href":"https:\/\/centresmolina.com\/centreensenyament\/wp-json\/wp\/v2\/media\/7846"}],"wp:attachment":[{"href":"https:\/\/centresmolina.com\/centreensenyament\/wp-json\/wp\/v2\/media?parent=7827"}],"wp:term":[{"taxonomy":"category","embeddable":true,"href":"https:\/\/centresmolina.com\/centreensenyament\/wp-json\/wp\/v2\/categories?post=7827"},{"taxonomy":"post_tag","embeddable":true,"href":"https:\/\/centresmolina.com\/centreensenyament\/wp-json\/wp\/v2\/tags?post=7827"}],"curies":[{"name":"wp","href":"https:\/\/api.w.org\/{rel}","templated":true}]}}