{"id":9148,"date":"2018-11-20T11:40:09","date_gmt":"2018-11-20T11:40:09","guid":{"rendered":"http:\/\/centresmolina.com\/centreensenyament\/?p=9148"},"modified":"2019-01-10T12:31:44","modified_gmt":"2019-01-10T12:31:44","slug":"tres-sombreros-de-copa","status":"publish","type":"post","link":"https:\/\/centresmolina.com\/centreensenyament\/2018\/11\/20\/tres-sombreros-de-copa\/","title":{"rendered":"Tres sombreros de copa"},"content":{"rendered":"<p>Qu\u00e8 \u00e9s el primer que penseu quan diem la paraula \u201cteatre\u201d? Penseu en musicals? Obres escolars de Nadal? Trag\u00e8dies? Des de l\u2019Escola Molina&nbsp; volem que els nostres alumnes coneguin i creixin amb aquest art tan ric i espectacular. Per aquest motiu, el passat 20 de novembre vam anar al Centre Cat\u00f2lic de Sants.<\/p>\n\n\t\t<style type=\"text\/css\">\n\t\t\t#gallery-1 {\n\t\t\t\tmargin: auto;\n\t\t\t}\n\t\t\t#gallery-1 .gallery-item {\n\t\t\t\tfloat: left;\n\t\t\t\tmargin-top: 10px;\n\t\t\t\ttext-align: center;\n\t\t\t\twidth: 50%;\n\t\t\t}\n\t\t\t#gallery-1 img {\n\t\t\t\tborder: 2px solid #cfcfcf;\n\t\t\t}\n\t\t\t#gallery-1 .gallery-caption {\n\t\t\t\tmargin-left: 0;\n\t\t\t}\n\t\t\t\/* see gallery_shortcode() in wp-includes\/media.php *\/\n\t\t<\/style>\n\t\t<div id='gallery-1' class='gallery galleryid-9148 gallery-columns-2 gallery-size-medium'><dl class='gallery-item'>\n\t\t\t<dt class='gallery-icon landscape'>\n\t\t\t\t<a href='https:\/\/centresmolina.com\/centreensenyament\/2018\/11\/20\/tres-sombreros-de-copa\/tres-sombreros-de-copa-13\/'><img loading=\"lazy\" decoding=\"async\" width=\"300\" height=\"225\" src=\"https:\/\/centresmolina.com\/centreensenyament\/files\/2019\/01\/Tres-sombreros-de-copa-13-300x225.jpg\" class=\"attachment-medium size-medium\" alt=\"\" srcset=\"https:\/\/centresmolina.com\/centreensenyament\/files\/2019\/01\/Tres-sombreros-de-copa-13-300x225.jpg 300w, https:\/\/centresmolina.com\/centreensenyament\/files\/2019\/01\/Tres-sombreros-de-copa-13-768x576.jpg 768w, https:\/\/centresmolina.com\/centreensenyament\/files\/2019\/01\/Tres-sombreros-de-copa-13-1024x768.jpg 1024w\" sizes=\"auto, (max-width: 300px) 100vw, 300px\" \/><\/a>\n\t\t\t<\/dt><\/dl><dl class='gallery-item'>\n\t\t\t<dt class='gallery-icon landscape'>\n\t\t\t\t<a href='https:\/\/centresmolina.com\/centreensenyament\/2018\/11\/20\/tres-sombreros-de-copa\/tres-sombreros-de-copa-11\/'><img loading=\"lazy\" decoding=\"async\" width=\"300\" height=\"225\" src=\"https:\/\/centresmolina.com\/centreensenyament\/files\/2019\/01\/Tres-sombreros-de-copa-11-300x225.jpg\" class=\"attachment-medium size-medium\" alt=\"\" srcset=\"https:\/\/centresmolina.com\/centreensenyament\/files\/2019\/01\/Tres-sombreros-de-copa-11-300x225.jpg 300w, https:\/\/centresmolina.com\/centreensenyament\/files\/2019\/01\/Tres-sombreros-de-copa-11-768x576.jpg 768w, https:\/\/centresmolina.com\/centreensenyament\/files\/2019\/01\/Tres-sombreros-de-copa-11-1024x768.jpg 1024w\" sizes=\"auto, (max-width: 300px) 100vw, 300px\" \/><\/a>\n\t\t\t<\/dt><\/dl><br style=\"clear: both\" \/><dl class='gallery-item'>\n\t\t\t<dt class='gallery-icon landscape'>\n\t\t\t\t<a href='https:\/\/centresmolina.com\/centreensenyament\/2018\/11\/20\/tres-sombreros-de-copa\/tres-sombreros-de-copa-4\/'><img loading=\"lazy\" decoding=\"async\" width=\"300\" height=\"225\" src=\"https:\/\/centresmolina.com\/centreensenyament\/files\/2019\/01\/Tres-sombreros-de-copa-4-300x225.jpg\" class=\"attachment-medium size-medium\" alt=\"\" srcset=\"https:\/\/centresmolina.com\/centreensenyament\/files\/2019\/01\/Tres-sombreros-de-copa-4-300x225.jpg 300w, https:\/\/centresmolina.com\/centreensenyament\/files\/2019\/01\/Tres-sombreros-de-copa-4-768x576.jpg 768w, https:\/\/centresmolina.com\/centreensenyament\/files\/2019\/01\/Tres-sombreros-de-copa-4-1024x768.jpg 1024w\" sizes=\"auto, (max-width: 300px) 100vw, 300px\" \/><\/a>\n\t\t\t<\/dt><\/dl><dl class='gallery-item'>\n\t\t\t<dt class='gallery-icon landscape'>\n\t\t\t\t<a href='https:\/\/centresmolina.com\/centreensenyament\/2018\/11\/20\/tres-sombreros-de-copa\/tres-sombreros-de-copa-5\/'><img loading=\"lazy\" decoding=\"async\" width=\"300\" height=\"225\" src=\"https:\/\/centresmolina.com\/centreensenyament\/files\/2019\/01\/Tres-sombreros-de-copa-5-300x225.jpg\" class=\"attachment-medium size-medium\" alt=\"\" srcset=\"https:\/\/centresmolina.com\/centreensenyament\/files\/2019\/01\/Tres-sombreros-de-copa-5-300x225.jpg 300w, https:\/\/centresmolina.com\/centreensenyament\/files\/2019\/01\/Tres-sombreros-de-copa-5-768x576.jpg 768w, https:\/\/centresmolina.com\/centreensenyament\/files\/2019\/01\/Tres-sombreros-de-copa-5-1024x768.jpg 1024w\" sizes=\"auto, (max-width: 300px) 100vw, 300px\" \/><\/a>\n\t\t\t<\/dt><\/dl><br style=\"clear: both\" \/>\n\t\t<\/div>\n\n<p>Durant la sortida del passat 20 de novembre, els alumnes de primer i segon d\u2019ESO vam gaudir de l\u2019obra <em>Tres sombreros de copa<\/em> de l\u2019escriptor Miguel Mihura Santos, un dels grans escriptors del teatre de l\u2019absurd, entre la d\u00e8cada dels anys 40 i els anys 60 del segle XX. D\u2019aquesta forma, els nostres alumnes van poder con\u00e8ixer la hist\u00f2ria de la Paula i en Dionisio.<\/p>\n\n\t\t<style type=\"text\/css\">\n\t\t\t#gallery-2 {\n\t\t\t\tmargin: auto;\n\t\t\t}\n\t\t\t#gallery-2 .gallery-item {\n\t\t\t\tfloat: left;\n\t\t\t\tmargin-top: 10px;\n\t\t\t\ttext-align: center;\n\t\t\t\twidth: 50%;\n\t\t\t}\n\t\t\t#gallery-2 img {\n\t\t\t\tborder: 2px solid #cfcfcf;\n\t\t\t}\n\t\t\t#gallery-2 .gallery-caption {\n\t\t\t\tmargin-left: 0;\n\t\t\t}\n\t\t\t\/* see gallery_shortcode() in wp-includes\/media.php *\/\n\t\t<\/style>\n\t\t<div id='gallery-2' class='gallery galleryid-9148 gallery-columns-2 gallery-size-medium'><dl class='gallery-item'>\n\t\t\t<dt class='gallery-icon landscape'>\n\t\t\t\t<a href='https:\/\/centresmolina.com\/centreensenyament\/2018\/11\/20\/tres-sombreros-de-copa\/tres-sombreros-de-copa-2\/'><img loading=\"lazy\" decoding=\"async\" width=\"300\" height=\"225\" src=\"https:\/\/centresmolina.com\/centreensenyament\/files\/2019\/01\/Tres-sombreros-de-copa-2-300x225.jpg\" class=\"attachment-medium size-medium\" alt=\"\" srcset=\"https:\/\/centresmolina.com\/centreensenyament\/files\/2019\/01\/Tres-sombreros-de-copa-2-300x225.jpg 300w, https:\/\/centresmolina.com\/centreensenyament\/files\/2019\/01\/Tres-sombreros-de-copa-2-768x576.jpg 768w, https:\/\/centresmolina.com\/centreensenyament\/files\/2019\/01\/Tres-sombreros-de-copa-2-1024x768.jpg 1024w\" sizes=\"auto, (max-width: 300px) 100vw, 300px\" \/><\/a>\n\t\t\t<\/dt><\/dl><dl class='gallery-item'>\n\t\t\t<dt class='gallery-icon landscape'>\n\t\t\t\t<a href='https:\/\/centresmolina.com\/centreensenyament\/2018\/11\/20\/tres-sombreros-de-copa\/tres-sombreros-de-copa-3\/'><img loading=\"lazy\" decoding=\"async\" width=\"300\" height=\"225\" src=\"https:\/\/centresmolina.com\/centreensenyament\/files\/2019\/01\/Tres-sombreros-de-copa-3-300x225.jpg\" class=\"attachment-medium size-medium\" alt=\"\" srcset=\"https:\/\/centresmolina.com\/centreensenyament\/files\/2019\/01\/Tres-sombreros-de-copa-3-300x225.jpg 300w, https:\/\/centresmolina.com\/centreensenyament\/files\/2019\/01\/Tres-sombreros-de-copa-3-768x576.jpg 768w, https:\/\/centresmolina.com\/centreensenyament\/files\/2019\/01\/Tres-sombreros-de-copa-3-1024x768.jpg 1024w\" sizes=\"auto, (max-width: 300px) 100vw, 300px\" \/><\/a>\n\t\t\t<\/dt><\/dl><br style=\"clear: both\" \/>\n\t\t<\/div>\n\n<p>Per \u00faltim, els nostres alumnes de primer i segon d\u2019ESO van poder parlar amb els quatre actors i actrius que formaven part de l\u2019elenc de l\u2019obra de teatre. Tamb\u00e9, van aprofundir en el seu coneixement del \u201cteatre de l\u2019absurd\u201d i van reflexionar sobre les situacions de l\u2019obra de teatre i les situacions actuals respecte a la (des)igualtat i (no) discriminaci\u00f3.<\/p>\n\n\t\t<style type=\"text\/css\">\n\t\t\t#gallery-3 {\n\t\t\t\tmargin: auto;\n\t\t\t}\n\t\t\t#gallery-3 .gallery-item {\n\t\t\t\tfloat: left;\n\t\t\t\tmargin-top: 10px;\n\t\t\t\ttext-align: center;\n\t\t\t\twidth: 50%;\n\t\t\t}\n\t\t\t#gallery-3 img {\n\t\t\t\tborder: 2px solid #cfcfcf;\n\t\t\t}\n\t\t\t#gallery-3 .gallery-caption {\n\t\t\t\tmargin-left: 0;\n\t\t\t}\n\t\t\t\/* see gallery_shortcode() in wp-includes\/media.php *\/\n\t\t<\/style>\n\t\t<div id='gallery-3' class='gallery galleryid-9148 gallery-columns-2 gallery-size-medium'><dl class='gallery-item'>\n\t\t\t<dt class='gallery-icon landscape'>\n\t\t\t\t<a href='https:\/\/centresmolina.com\/centreensenyament\/2018\/11\/20\/tres-sombreros-de-copa\/tres-sombreros-de-copa-7\/'><img loading=\"lazy\" decoding=\"async\" width=\"300\" height=\"225\" src=\"https:\/\/centresmolina.com\/centreensenyament\/files\/2019\/01\/Tres-sombreros-de-copa-7-300x225.jpg\" class=\"attachment-medium size-medium\" alt=\"\" srcset=\"https:\/\/centresmolina.com\/centreensenyament\/files\/2019\/01\/Tres-sombreros-de-copa-7-300x225.jpg 300w, https:\/\/centresmolina.com\/centreensenyament\/files\/2019\/01\/Tres-sombreros-de-copa-7-768x576.jpg 768w, https:\/\/centresmolina.com\/centreensenyament\/files\/2019\/01\/Tres-sombreros-de-copa-7-1024x768.jpg 1024w\" sizes=\"auto, (max-width: 300px) 100vw, 300px\" \/><\/a>\n\t\t\t<\/dt><\/dl><dl class='gallery-item'>\n\t\t\t<dt class='gallery-icon landscape'>\n\t\t\t\t<a href='https:\/\/centresmolina.com\/centreensenyament\/2018\/11\/20\/tres-sombreros-de-copa\/tres-sombreros-de-copa-8\/'><img loading=\"lazy\" decoding=\"async\" width=\"300\" height=\"225\" src=\"https:\/\/centresmolina.com\/centreensenyament\/files\/2019\/01\/Tres-sombreros-de-copa-8-300x225.jpg\" class=\"attachment-medium size-medium\" alt=\"\" srcset=\"https:\/\/centresmolina.com\/centreensenyament\/files\/2019\/01\/Tres-sombreros-de-copa-8-300x225.jpg 300w, https:\/\/centresmolina.com\/centreensenyament\/files\/2019\/01\/Tres-sombreros-de-copa-8-768x576.jpg 768w, https:\/\/centresmolina.com\/centreensenyament\/files\/2019\/01\/Tres-sombreros-de-copa-8-1024x768.jpg 1024w\" sizes=\"auto, (max-width: 300px) 100vw, 300px\" \/><\/a>\n\t\t\t<\/dt><\/dl><br style=\"clear: both\" \/>\n\t\t<\/div>\n\n<p>Per a m\u00e9s informaci\u00f3:<\/p>\n<p><a href=\"http:\/\/www.ccsants.cat\/\">Centre Cat\u00f2lic de Sants<\/a><\/p>\n<p><a href=\"https:\/\/www.transeduca.com\/obra-tres-sombreros-de-copa-457-ca\">Transeduca<\/a><\/p>\n","protected":false},"excerpt":{"rendered":"<p>Qu\u00e8 \u00e9s el primer que penseu quan diem la paraula \u201cteatre\u201d? Penseu en musicals? Obres escolars de Nadal? Trag\u00e8dies? Des&#8230;<\/p>\n","protected":false},"author":3,"featured_media":9149,"comment_status":"open","ping_status":"open","sticky":false,"template":"","format":"standard","meta":{"footnotes":""},"categories":[5],"tags":[102,86,2665,19,24,44,2430,2666],"class_list":["post-9148","post","type-post","status-publish","format-standard","has-post-thumbnail","hentry","category-noticies","tag-1r-deso","tag-2n-deso","tag-absurd","tag-escola-molina","tag-eso","tag-molina","tag-teatre","tag-valors"],"yoast_head":"<!-- This site is optimized with the Yoast SEO plugin v27.2 - https:\/\/yoast.com\/product\/yoast-seo-wordpress\/ -->\n<title>Tres sombreros de copa - Centros de ense\u00f1anza<\/title>\n<meta name=\"robots\" content=\"index, follow, max-snippet:-1, max-image-preview:large, max-video-preview:-1\" \/>\n<link rel=\"canonical\" href=\"https:\/\/centresmolina.com\/centreensenyament\/2018\/11\/20\/tres-sombreros-de-copa\/\" \/>\n<meta property=\"og:locale\" content=\"ca_ES\" \/>\n<meta property=\"og:type\" content=\"article\" \/>\n<meta property=\"og:title\" content=\"Tres sombreros de copa - Centros de ense\u00f1anza\" \/>\n<meta property=\"og:description\" content=\"Qu\u00e8 \u00e9s el primer que penseu quan diem la paraula \u201cteatre\u201d? Penseu en musicals? Obres escolars de Nadal? Trag\u00e8dies? Des...\" \/>\n<meta property=\"og:url\" content=\"https:\/\/centresmolina.com\/centreensenyament\/2018\/11\/20\/tres-sombreros-de-copa\/\" \/>\n<meta property=\"og:site_name\" content=\"Centros de ense\u00f1anza\" \/>\n<meta property=\"article:published_time\" content=\"2018-11-20T11:40:09+00:00\" \/>\n<meta property=\"article:modified_time\" content=\"2019-01-10T12:31:44+00:00\" \/>\n<meta property=\"og:image\" content=\"https:\/\/centresmolina.com\/centreensenyament\/files\/2019\/01\/Tres-sombreros-de-copa-2-1024x768.jpg\" \/>\n\t<meta property=\"og:image:width\" content=\"1024\" \/>\n\t<meta property=\"og:image:height\" content=\"768\" \/>\n\t<meta property=\"og:image:type\" content=\"image\/jpeg\" \/>\n<meta name=\"author\" content=\"webmolina\" \/>\n<meta name=\"twitter:label1\" content=\"Escrit per\" \/>\n\t<meta name=\"twitter:data1\" content=\"webmolina\" \/>\n\t<meta name=\"twitter:label2\" content=\"Temps estimat de lectura\" \/>\n\t<meta name=\"twitter:data2\" content=\"1 minut\" \/>\n<script type=\"application\/ld+json\" class=\"yoast-schema-graph\">{\"@context\":\"https:\/\/schema.org\",\"@graph\":[{\"@type\":\"Article\",\"@id\":\"https:\/\/centresmolina.com\/centreensenyament\/2018\/11\/20\/tres-sombreros-de-copa\/#article\",\"isPartOf\":{\"@id\":\"https:\/\/centresmolina.com\/centreensenyament\/2018\/11\/20\/tres-sombreros-de-copa\/\"},\"author\":{\"name\":\"webmolina\",\"@id\":\"https:\/\/centresmolina.com\/centreensenyament\/#\/schema\/person\/308d85d274adff04b5c51d47e8aff6cc\"},\"headline\":\"Tres sombreros de copa\",\"datePublished\":\"2018-11-20T11:40:09+00:00\",\"dateModified\":\"2019-01-10T12:31:44+00:00\",\"mainEntityOfPage\":{\"@id\":\"https:\/\/centresmolina.com\/centreensenyament\/2018\/11\/20\/tres-sombreros-de-copa\/\"},\"wordCount\":222,\"commentCount\":0,\"image\":{\"@id\":\"https:\/\/centresmolina.com\/centreensenyament\/2018\/11\/20\/tres-sombreros-de-copa\/#primaryimage\"},\"thumbnailUrl\":\"https:\/\/centresmolina.com\/centreensenyament\/files\/2019\/01\/Tres-sombreros-de-copa-2.jpg\",\"keywords\":[\"1r d'ESO\",\"2n d'ESO\",\"absurd\",\"Escola Molina\",\"ESO\",\"Molina\",\"Teatre\",\"valors\"],\"articleSection\":[\"Not\u00edcies\"],\"inLanguage\":\"ca\",\"potentialAction\":[{\"@type\":\"CommentAction\",\"name\":\"Comment\",\"target\":[\"https:\/\/centresmolina.com\/centreensenyament\/2018\/11\/20\/tres-sombreros-de-copa\/#respond\"]}]},{\"@type\":\"WebPage\",\"@id\":\"https:\/\/centresmolina.com\/centreensenyament\/2018\/11\/20\/tres-sombreros-de-copa\/\",\"url\":\"https:\/\/centresmolina.com\/centreensenyament\/2018\/11\/20\/tres-sombreros-de-copa\/\",\"name\":\"Tres sombreros de copa - Centros de ense\u00f1anza\",\"isPartOf\":{\"@id\":\"https:\/\/centresmolina.com\/centreensenyament\/#website\"},\"primaryImageOfPage\":{\"@id\":\"https:\/\/centresmolina.com\/centreensenyament\/2018\/11\/20\/tres-sombreros-de-copa\/#primaryimage\"},\"image\":{\"@id\":\"https:\/\/centresmolina.com\/centreensenyament\/2018\/11\/20\/tres-sombreros-de-copa\/#primaryimage\"},\"thumbnailUrl\":\"https:\/\/centresmolina.com\/centreensenyament\/files\/2019\/01\/Tres-sombreros-de-copa-2.jpg\",\"datePublished\":\"2018-11-20T11:40:09+00:00\",\"dateModified\":\"2019-01-10T12:31:44+00:00\",\"author\":{\"@id\":\"https:\/\/centresmolina.com\/centreensenyament\/#\/schema\/person\/308d85d274adff04b5c51d47e8aff6cc\"},\"breadcrumb\":{\"@id\":\"https:\/\/centresmolina.com\/centreensenyament\/2018\/11\/20\/tres-sombreros-de-copa\/#breadcrumb\"},\"inLanguage\":\"ca\",\"potentialAction\":[{\"@type\":\"ReadAction\",\"target\":[\"https:\/\/centresmolina.com\/centreensenyament\/2018\/11\/20\/tres-sombreros-de-copa\/\"]}]},{\"@type\":\"ImageObject\",\"inLanguage\":\"ca\",\"@id\":\"https:\/\/centresmolina.com\/centreensenyament\/2018\/11\/20\/tres-sombreros-de-copa\/#primaryimage\",\"url\":\"https:\/\/centresmolina.com\/centreensenyament\/files\/2019\/01\/Tres-sombreros-de-copa-2.jpg\",\"contentUrl\":\"https:\/\/centresmolina.com\/centreensenyament\/files\/2019\/01\/Tres-sombreros-de-copa-2.jpg\",\"width\":4128,\"height\":3096},{\"@type\":\"BreadcrumbList\",\"@id\":\"https:\/\/centresmolina.com\/centreensenyament\/2018\/11\/20\/tres-sombreros-de-copa\/#breadcrumb\",\"itemListElement\":[{\"@type\":\"ListItem\",\"position\":1,\"name\":\"Portada\",\"item\":\"https:\/\/centresmolina.com\/centreensenyament\/\"},{\"@type\":\"ListItem\",\"position\":2,\"name\":\"Tres sombreros de copa\"}]},{\"@type\":\"WebSite\",\"@id\":\"https:\/\/centresmolina.com\/centreensenyament\/#website\",\"url\":\"https:\/\/centresmolina.com\/centreensenyament\/\",\"name\":\"Centros de ense\u00f1anza\",\"description\":\"Centres Molina - Centros de ense\u00f1anza\",\"potentialAction\":[{\"@type\":\"SearchAction\",\"target\":{\"@type\":\"EntryPoint\",\"urlTemplate\":\"https:\/\/centresmolina.com\/centreensenyament\/?s={search_term_string}\"},\"query-input\":{\"@type\":\"PropertyValueSpecification\",\"valueRequired\":true,\"valueName\":\"search_term_string\"}}],\"inLanguage\":\"ca\"},{\"@type\":\"Person\",\"@id\":\"https:\/\/centresmolina.com\/centreensenyament\/#\/schema\/person\/308d85d274adff04b5c51d47e8aff6cc\",\"name\":\"webmolina\",\"image\":{\"@type\":\"ImageObject\",\"inLanguage\":\"ca\",\"@id\":\"https:\/\/secure.gravatar.com\/avatar\/38db407e1ab9b284bf45e3bff4ec5cf1e034e364f09b2ee054619614662a717b?s=96&d=mm&r=g\",\"url\":\"https:\/\/secure.gravatar.com\/avatar\/38db407e1ab9b284bf45e3bff4ec5cf1e034e364f09b2ee054619614662a717b?s=96&d=mm&r=g\",\"contentUrl\":\"https:\/\/secure.gravatar.com\/avatar\/38db407e1ab9b284bf45e3bff4ec5cf1e034e364f09b2ee054619614662a717b?s=96&d=mm&r=g\",\"caption\":\"webmolina\"},\"url\":\"https:\/\/centresmolina.com\/centreensenyament\/author\/webmolina\/\"}]}<\/script>\n<!-- \/ Yoast SEO plugin. -->","yoast_head_json":{"title":"Tres sombreros de copa - Centros de ense\u00f1anza","robots":{"index":"index","follow":"follow","max-snippet":"max-snippet:-1","max-image-preview":"max-image-preview:large","max-video-preview":"max-video-preview:-1"},"canonical":"https:\/\/centresmolina.com\/centreensenyament\/2018\/11\/20\/tres-sombreros-de-copa\/","og_locale":"ca_ES","og_type":"article","og_title":"Tres sombreros de copa - Centros de ense\u00f1anza","og_description":"Qu\u00e8 \u00e9s el primer que penseu quan diem la paraula \u201cteatre\u201d? Penseu en musicals? Obres escolars de Nadal? Trag\u00e8dies? Des...","og_url":"https:\/\/centresmolina.com\/centreensenyament\/2018\/11\/20\/tres-sombreros-de-copa\/","og_site_name":"Centros de ense\u00f1anza","article_published_time":"2018-11-20T11:40:09+00:00","article_modified_time":"2019-01-10T12:31:44+00:00","og_image":[{"width":1024,"height":768,"url":"https:\/\/centresmolina.com\/centreensenyament\/files\/2019\/01\/Tres-sombreros-de-copa-2-1024x768.jpg","type":"image\/jpeg"}],"author":"webmolina","twitter_misc":{"Escrit per":"webmolina","Temps estimat de lectura":"1 minut"},"schema":{"@context":"https:\/\/schema.org","@graph":[{"@type":"Article","@id":"https:\/\/centresmolina.com\/centreensenyament\/2018\/11\/20\/tres-sombreros-de-copa\/#article","isPartOf":{"@id":"https:\/\/centresmolina.com\/centreensenyament\/2018\/11\/20\/tres-sombreros-de-copa\/"},"author":{"name":"webmolina","@id":"https:\/\/centresmolina.com\/centreensenyament\/#\/schema\/person\/308d85d274adff04b5c51d47e8aff6cc"},"headline":"Tres sombreros de copa","datePublished":"2018-11-20T11:40:09+00:00","dateModified":"2019-01-10T12:31:44+00:00","mainEntityOfPage":{"@id":"https:\/\/centresmolina.com\/centreensenyament\/2018\/11\/20\/tres-sombreros-de-copa\/"},"wordCount":222,"commentCount":0,"image":{"@id":"https:\/\/centresmolina.com\/centreensenyament\/2018\/11\/20\/tres-sombreros-de-copa\/#primaryimage"},"thumbnailUrl":"https:\/\/centresmolina.com\/centreensenyament\/files\/2019\/01\/Tres-sombreros-de-copa-2.jpg","keywords":["1r d'ESO","2n d'ESO","absurd","Escola Molina","ESO","Molina","Teatre","valors"],"articleSection":["Not\u00edcies"],"inLanguage":"ca","potentialAction":[{"@type":"CommentAction","name":"Comment","target":["https:\/\/centresmolina.com\/centreensenyament\/2018\/11\/20\/tres-sombreros-de-copa\/#respond"]}]},{"@type":"WebPage","@id":"https:\/\/centresmolina.com\/centreensenyament\/2018\/11\/20\/tres-sombreros-de-copa\/","url":"https:\/\/centresmolina.com\/centreensenyament\/2018\/11\/20\/tres-sombreros-de-copa\/","name":"Tres sombreros de copa - Centros de ense\u00f1anza","isPartOf":{"@id":"https:\/\/centresmolina.com\/centreensenyament\/#website"},"primaryImageOfPage":{"@id":"https:\/\/centresmolina.com\/centreensenyament\/2018\/11\/20\/tres-sombreros-de-copa\/#primaryimage"},"image":{"@id":"https:\/\/centresmolina.com\/centreensenyament\/2018\/11\/20\/tres-sombreros-de-copa\/#primaryimage"},"thumbnailUrl":"https:\/\/centresmolina.com\/centreensenyament\/files\/2019\/01\/Tres-sombreros-de-copa-2.jpg","datePublished":"2018-11-20T11:40:09+00:00","dateModified":"2019-01-10T12:31:44+00:00","author":{"@id":"https:\/\/centresmolina.com\/centreensenyament\/#\/schema\/person\/308d85d274adff04b5c51d47e8aff6cc"},"breadcrumb":{"@id":"https:\/\/centresmolina.com\/centreensenyament\/2018\/11\/20\/tres-sombreros-de-copa\/#breadcrumb"},"inLanguage":"ca","potentialAction":[{"@type":"ReadAction","target":["https:\/\/centresmolina.com\/centreensenyament\/2018\/11\/20\/tres-sombreros-de-copa\/"]}]},{"@type":"ImageObject","inLanguage":"ca","@id":"https:\/\/centresmolina.com\/centreensenyament\/2018\/11\/20\/tres-sombreros-de-copa\/#primaryimage","url":"https:\/\/centresmolina.com\/centreensenyament\/files\/2019\/01\/Tres-sombreros-de-copa-2.jpg","contentUrl":"https:\/\/centresmolina.com\/centreensenyament\/files\/2019\/01\/Tres-sombreros-de-copa-2.jpg","width":4128,"height":3096},{"@type":"BreadcrumbList","@id":"https:\/\/centresmolina.com\/centreensenyament\/2018\/11\/20\/tres-sombreros-de-copa\/#breadcrumb","itemListElement":[{"@type":"ListItem","position":1,"name":"Portada","item":"https:\/\/centresmolina.com\/centreensenyament\/"},{"@type":"ListItem","position":2,"name":"Tres sombreros de copa"}]},{"@type":"WebSite","@id":"https:\/\/centresmolina.com\/centreensenyament\/#website","url":"https:\/\/centresmolina.com\/centreensenyament\/","name":"Centros de ense\u00f1anza","description":"Centres Molina - Centros de ense\u00f1anza","potentialAction":[{"@type":"SearchAction","target":{"@type":"EntryPoint","urlTemplate":"https:\/\/centresmolina.com\/centreensenyament\/?s={search_term_string}"},"query-input":{"@type":"PropertyValueSpecification","valueRequired":true,"valueName":"search_term_string"}}],"inLanguage":"ca"},{"@type":"Person","@id":"https:\/\/centresmolina.com\/centreensenyament\/#\/schema\/person\/308d85d274adff04b5c51d47e8aff6cc","name":"webmolina","image":{"@type":"ImageObject","inLanguage":"ca","@id":"https:\/\/secure.gravatar.com\/avatar\/38db407e1ab9b284bf45e3bff4ec5cf1e034e364f09b2ee054619614662a717b?s=96&d=mm&r=g","url":"https:\/\/secure.gravatar.com\/avatar\/38db407e1ab9b284bf45e3bff4ec5cf1e034e364f09b2ee054619614662a717b?s=96&d=mm&r=g","contentUrl":"https:\/\/secure.gravatar.com\/avatar\/38db407e1ab9b284bf45e3bff4ec5cf1e034e364f09b2ee054619614662a717b?s=96&d=mm&r=g","caption":"webmolina"},"url":"https:\/\/centresmolina.com\/centreensenyament\/author\/webmolina\/"}]}},"_links":{"self":[{"href":"https:\/\/centresmolina.com\/centreensenyament\/wp-json\/wp\/v2\/posts\/9148","targetHints":{"allow":["GET"]}}],"collection":[{"href":"https:\/\/centresmolina.com\/centreensenyament\/wp-json\/wp\/v2\/posts"}],"about":[{"href":"https:\/\/centresmolina.com\/centreensenyament\/wp-json\/wp\/v2\/types\/post"}],"author":[{"embeddable":true,"href":"https:\/\/centresmolina.com\/centreensenyament\/wp-json\/wp\/v2\/users\/3"}],"replies":[{"embeddable":true,"href":"https:\/\/centresmolina.com\/centreensenyament\/wp-json\/wp\/v2\/comments?post=9148"}],"version-history":[{"count":4,"href":"https:\/\/centresmolina.com\/centreensenyament\/wp-json\/wp\/v2\/posts\/9148\/revisions"}],"predecessor-version":[{"id":9170,"href":"https:\/\/centresmolina.com\/centreensenyament\/wp-json\/wp\/v2\/posts\/9148\/revisions\/9170"}],"wp:featuredmedia":[{"embeddable":true,"href":"https:\/\/centresmolina.com\/centreensenyament\/wp-json\/wp\/v2\/media\/9149"}],"wp:attachment":[{"href":"https:\/\/centresmolina.com\/centreensenyament\/wp-json\/wp\/v2\/media?parent=9148"}],"wp:term":[{"taxonomy":"category","embeddable":true,"href":"https:\/\/centresmolina.com\/centreensenyament\/wp-json\/wp\/v2\/categories?post=9148"},{"taxonomy":"post_tag","embeddable":true,"href":"https:\/\/centresmolina.com\/centreensenyament\/wp-json\/wp\/v2\/tags?post=9148"}],"curies":[{"name":"wp","href":"https:\/\/api.w.org\/{rel}","templated":true}]}}